{"id":23672,"date":"2025-11-06T11:13:04","date_gmt":"2025-11-06T10:13:04","guid":{"rendered":"https:\/\/www.icmontinicb.edu.it\/site\/?p=23672"},"modified":"2025-11-07T08:02:50","modified_gmt":"2025-11-07T07:02:50","slug":"festa-del-4-novembre-la-montini-riceve-la-bandiera-italiana","status":"publish","type":"post","link":"https:\/\/www.icmontinicb.edu.it\/site\/evidenza\/festa-del-4-novembre-la-montini-riceve-la-bandiera-italiana\/","title":{"rendered":"Festa del 4 novembre: la Montini riceve la bandiera italiana"},"content":{"rendered":"<p style=\"font-weight: 400;\">Nella mattina del 4 novembre, in occasione del <em>Giorno dell\u2019Unit\u00e0 Nazionale<\/em> e <em>Giornata delle Forze Armate<\/em>, l\u2019Istituto Comprensivo \u201cLeopoldo Montini\u201d ha ricevuto la bandiera italiana.<\/p>\n<p style=\"font-weight: 400;\">Questa festa, che cade nel giorno del vittorioso armistizio con l\u2019Austria-Ungheria e commemora i caduti di tutti i conflitti, rappresenta un solenne momento di riflessione sulla nostra storia e sul sacrificio di quanti hanno perso la vita per servire il nostro Paese indossando una divisa. Il nostro Istituto \u00e8 ben consapevole del significato di questo sacrificio, perch\u00e9 esso \u00e8 impresso nel nome stesso della scuola, dedicata al giovane sottotenente Leopoldo Montini, che prest\u00f2 il suo servizio nelle forze armate con impegno e dedizione, distinguendosi nei cruenti combattimenti durante la Prima guerra mondiale, tanto da essere decorato con la medaglia d\u2019oro al valor militare, che per\u00f2 gli fu assegnata postuma in onore del suo ultimo atto di valore durante la seconda battaglia dell\u2019Isonzo.<\/p>\n<p style=\"font-weight: 400;\">In rappresentanza dell\u2019intero Istituto, le classi 5C e 5D della Scuola primaria e la classe 2D della Scuola secondaria di primo grado, accompagnate dal Dirigente Scolastico, dott. Agata Antonelli, e da alcuni docenti, hanno partecipato alla manifestazione che si \u00e8 tenuta nel centro della citt\u00e0. Gli alunni hanno prima visitato gli stand delle varie forze armate, dove hanno assistito a dimostrazioni sul funzionamento di alcuni dispostivi impiegati dagli artificieri dell\u2019esercito, ad esercitazioni dei cani antidroga della Guardia di Finanza e a presentazioni sul modo di operare dei Carabinieri e della Guardia Costiera. Successivamente, hanno partecipato al corteo delle autorit\u00e0 che, partito da piazza Pepe, ha sfilato per il corso cittadino per arrivare, infine, al monumento dei caduti. Qui gli alunni hanno ascoltato i messaggi delle massime autorit\u00e0 militari e civili della regione per poi diventare i protagonisti di uno dei momenti solenni della cerimonia: la consegna della bandiera italiana da parte di un alto ufficiale dell\u2019esercito alla presenza del prefetto e delle altre autorit\u00e0.<\/p>\n<p><span style=\"font-weight: 400;\">\u00c8 stata un\u2019importante occasione di crescita per i nostri studenti: la consegna della bandiera \u00e8 stato un evento dall\u2019alto valore simbolico, che ha sensibilizzato gli alunni sul significato del valore dell\u2019unit\u00e0 nazionale e sul senso di appartenenza alla Repubblica. La partecipazione a questa solenne commemorazione \u00e8 servita a far maturare in loro la consapevolezza di essere non solo singoli individui ma anche membri di una collettivit\u00e0 pi\u00f9 ampia, cementata da una storia comune e dalla condivisione di valori e di ideali, che trovano la loro sintesi nella bandiera italiana. Entrando a scuola, essi si sentiranno sicuramente pi\u00f9 orgogliosi di far parte di una comunit\u00e0 educativa intitolata a uno di quei tanti cittadini italiani in divisa che si sono sacrificati per il bene del Paese.<\/span><\/p>\n<p>&nbsp;<\/p>\n<p><img fetchpriority=\"high\" decoding=\"async\" class=\"alignnone size-medium wp-image-23673\" src=\"https:\/\/www.icmontinicb.edu.it\/site\/wp-content\/uploads\/2025\/11\/1-2-300x225.jpeg\" alt=\"\" width=\"300\" height=\"225\" srcset=\"https:\/\/www.icmontinicb.edu.it\/site\/wp-content\/uploads\/2025\/11\/1-2-300x225.jpeg 300w, https:\/\/www.icmontinicb.edu.it\/site\/wp-content\/uploads\/2025\/11\/1-2-1024x768.jpeg 1024w, https:\/\/www.icmontinicb.edu.it\/site\/wp-content\/uploads\/2025\/11\/1-2-768x576.jpeg 768w, https:\/\/www.icmontinicb.edu.it\/site\/wp-content\/uploads\/2025\/11\/1-2-1536x1152.jpeg 1536w, https:\/\/www.icmontinicb.edu.it\/site\/wp-content\/uploads\/2025\/11\/1-2.jpeg 1600w\" sizes=\"(max-width: 300px) 100vw, 300px\" \/> <img decoding=\"async\" class=\"alignnone size-medium wp-image-23674\" src=\"https:\/\/www.icmontinicb.edu.it\/site\/wp-content\/uploads\/2025\/11\/2-2-300x225.jpeg\" alt=\"\" width=\"300\" height=\"225\" srcset=\"https:\/\/www.icmontinicb.edu.it\/site\/wp-content\/uploads\/2025\/11\/2-2-300x225.jpeg 300w, https:\/\/www.icmontinicb.edu.it\/site\/wp-content\/uploads\/2025\/11\/2-2-1024x768.jpeg 1024w, https:\/\/www.icmontinicb.edu.it\/site\/wp-content\/uploads\/2025\/11\/2-2-768x576.jpeg 768w, https:\/\/www.icmontinicb.edu.it\/site\/wp-content\/uploads\/2025\/11\/2-2-1536x1152.jpeg 1536w, https:\/\/www.icmontinicb.edu.it\/site\/wp-content\/uploads\/2025\/11\/2-2.jpeg 1600w\" sizes=\"(max-width: 300px) 100vw, 300px\" \/> <img decoding=\"async\" class=\"alignnone size-medium wp-image-23675\" src=\"https:\/\/www.icmontinicb.edu.it\/site\/wp-content\/uploads\/2025\/11\/3-2-300x225.jpeg\" alt=\"\" width=\"300\" height=\"225\" srcset=\"https:\/\/www.icmontinicb.edu.it\/site\/wp-content\/uploads\/2025\/11\/3-2-300x225.jpeg 300w, https:\/\/www.icmontinicb.edu.it\/site\/wp-content\/uploads\/2025\/11\/3-2-1024x768.jpeg 1024w, https:\/\/www.icmontinicb.edu.it\/site\/wp-content\/uploads\/2025\/11\/3-2-768x576.jpeg 768w, https:\/\/www.icmontinicb.edu.it\/site\/wp-content\/uploads\/2025\/11\/3-2-1536x1152.jpeg 1536w, https:\/\/www.icmontinicb.edu.it\/site\/wp-content\/uploads\/2025\/11\/3-2.jpeg 1600w\" sizes=\"(max-width: 300px) 100vw, 300px\" \/><\/p>\n<p><img loading=\"lazy\" decoding=\"async\" class=\"alignnone size-medium wp-image-23676\" src=\"https:\/\/www.icmontinicb.edu.it\/site\/wp-content\/uploads\/2025\/11\/4-2-300x225.jpeg\" alt=\"\" width=\"300\" height=\"225\" srcset=\"https:\/\/www.icmontinicb.edu.it\/site\/wp-content\/uploads\/2025\/11\/4-2-300x225.jpeg 300w, https:\/\/www.icmontinicb.edu.it\/site\/wp-content\/uploads\/2025\/11\/4-2-1024x768.jpeg 1024w, https:\/\/www.icmontinicb.edu.it\/site\/wp-content\/uploads\/2025\/11\/4-2-768x576.jpeg 768w, https:\/\/www.icmontinicb.edu.it\/site\/wp-content\/uploads\/2025\/11\/4-2-1536x1152.jpeg 1536w, https:\/\/www.icmontinicb.edu.it\/site\/wp-content\/uploads\/2025\/11\/4-2.jpeg 1600w\" sizes=\"(max-width: 300px) 100vw, 300px\" \/> <img loading=\"lazy\" decoding=\"async\" class=\"alignnone size-medium wp-image-23677\" src=\"https:\/\/www.icmontinicb.edu.it\/site\/wp-content\/uploads\/2025\/11\/5-1-300x225.jpeg\" alt=\"\" width=\"300\" height=\"225\" srcset=\"https:\/\/www.icmontinicb.edu.it\/site\/wp-content\/uploads\/2025\/11\/5-1-300x225.jpeg 300w, https:\/\/www.icmontinicb.edu.it\/site\/wp-content\/uploads\/2025\/11\/5-1-1024x768.jpeg 1024w, https:\/\/www.icmontinicb.edu.it\/site\/wp-content\/uploads\/2025\/11\/5-1-768x576.jpeg 768w, https:\/\/www.icmontinicb.edu.it\/site\/wp-content\/uploads\/2025\/11\/5-1-1536x1152.jpeg 1536w, https:\/\/www.icmontinicb.edu.it\/site\/wp-content\/uploads\/2025\/11\/5-1.jpeg 1600w\" sizes=\"(max-width: 300px) 100vw, 300px\" \/> <img loading=\"lazy\" decoding=\"async\" class=\"alignnone size-medium wp-image-23678\" src=\"https:\/\/www.icmontinicb.edu.it\/site\/wp-content\/uploads\/2025\/11\/6-1-300x204.jpeg\" alt=\"\" width=\"300\" height=\"204\" srcset=\"https:\/\/www.icmontinicb.edu.it\/site\/wp-content\/uploads\/2025\/11\/6-1-300x204.jpeg 300w, https:\/\/www.icmontinicb.edu.it\/site\/wp-content\/uploads\/2025\/11\/6-1-768x523.jpeg 768w, https:\/\/www.icmontinicb.edu.it\/site\/wp-content\/uploads\/2025\/11\/6-1.jpeg 865w\" sizes=\"(max-width: 300px) 100vw, 300px\" \/><\/p>\n<p><img loading=\"lazy\" decoding=\"async\" class=\"alignnone size-medium wp-image-23679\" src=\"https:\/\/www.icmontinicb.edu.it\/site\/wp-content\/uploads\/2025\/11\/7-1-300x168.png\" alt=\"\" width=\"300\" height=\"168\" srcset=\"https:\/\/www.icmontinicb.edu.it\/site\/wp-content\/uploads\/2025\/11\/7-1-300x168.png 300w, https:\/\/www.icmontinicb.edu.it\/site\/wp-content\/uploads\/2025\/11\/7-1-1024x575.png 1024w, https:\/\/www.icmontinicb.edu.it\/site\/wp-content\/uploads\/2025\/11\/7-1-768x431.png 768w, https:\/\/www.icmontinicb.edu.it\/site\/wp-content\/uploads\/2025\/11\/7-1.png 1272w\" sizes=\"(max-width: 300px) 100vw, 300px\" \/> <img loading=\"lazy\" decoding=\"async\" class=\"alignnone size-medium wp-image-23680\" src=\"https:\/\/www.icmontinicb.edu.it\/site\/wp-content\/uploads\/2025\/11\/8-1-300x177.png\" alt=\"\" width=\"300\" height=\"177\" srcset=\"https:\/\/www.icmontinicb.edu.it\/site\/wp-content\/uploads\/2025\/11\/8-1-300x177.png 300w, https:\/\/www.icmontinicb.edu.it\/site\/wp-content\/uploads\/2025\/11\/8-1-1024x604.png 1024w, https:\/\/www.icmontinicb.edu.it\/site\/wp-content\/uploads\/2025\/11\/8-1-768x453.png 768w, https:\/\/www.icmontinicb.edu.it\/site\/wp-content\/uploads\/2025\/11\/8-1-1536x905.png 1536w, https:\/\/www.icmontinicb.edu.it\/site\/wp-content\/uploads\/2025\/11\/8-1.png 1666w\" sizes=\"(max-width: 300px) 100vw, 300px\" \/><\/p>\n","protected":false},"excerpt":{"rendered":"<p>Nella mattina del 4 novembre, in occasione del Giorno dell\u2019Unit\u00e0 Nazionale e Giornata delle Forze Armate, l\u2019Istituto Comprensivo \u201cLeopoldo Montini\u201d ha ricevuto la bandiera italiana. Questa festa, che cade nel giorno del vittorioso armistizio con l\u2019Austria-Ungheria e commemora i caduti di tutti i conflitti, rappresenta un solenne momento di riflessione sulla nostra storia e sul [&hellip;]<\/p>\n","protected":false},"author":410,"featured_media":23680,"comment_status":"closed","ping_status":"closed","sticky":false,"template":"","format":"standard","meta":{"footnotes":""},"categories":[15,16,112],"tags":[],"class_list":["post-23672","post","type-post","status-publish","format-standard","has-post-thumbnail","hentry","category-evidenza","category-generali","category-notizie"],"_links":{"self":[{"href":"https:\/\/www.icmontinicb.edu.it\/site\/wp-json\/wp\/v2\/posts\/23672","targetHints":{"allow":["GET"]}}],"collection":[{"href":"https:\/\/www.icmontinicb.edu.it\/site\/wp-json\/wp\/v2\/posts"}],"about":[{"href":"https:\/\/www.icmontinicb.edu.it\/site\/wp-json\/wp\/v2\/types\/post"}],"author":[{"embeddable":true,"href":"https:\/\/www.icmontinicb.edu.it\/site\/wp-json\/wp\/v2\/users\/410"}],"replies":[{"embeddable":true,"href":"https:\/\/www.icmontinicb.edu.it\/site\/wp-json\/wp\/v2\/comments?post=23672"}],"version-history":[{"count":1,"href":"https:\/\/www.icmontinicb.edu.it\/site\/wp-json\/wp\/v2\/posts\/23672\/revisions"}],"predecessor-version":[{"id":23681,"href":"https:\/\/www.icmontinicb.edu.it\/site\/wp-json\/wp\/v2\/posts\/23672\/revisions\/23681"}],"wp:featuredmedia":[{"embeddable":true,"href":"https:\/\/www.icmontinicb.edu.it\/site\/wp-json\/wp\/v2\/media\/23680"}],"wp:attachment":[{"href":"https:\/\/www.icmontinicb.edu.it\/site\/wp-json\/wp\/v2\/media?parent=23672"}],"wp:term":[{"taxonomy":"category","embeddable":true,"href":"https:\/\/www.icmontinicb.edu.it\/site\/wp-json\/wp\/v2\/categories?post=23672"},{"taxonomy":"post_tag","embeddable":true,"href":"https:\/\/www.icmontinicb.edu.it\/site\/wp-json\/wp\/v2\/tags?post=23672"}],"curies":[{"name":"wp","href":"https:\/\/api.w.org\/{rel}","templated":true}]}}