{"id":23639,"date":"2025-11-03T22:21:57","date_gmt":"2025-11-03T21:21:57","guid":{"rendered":"https:\/\/www.icmontinicb.edu.it\/site\/?p=23639"},"modified":"2025-11-04T12:10:56","modified_gmt":"2025-11-04T11:10:56","slug":"la-montini-al-giubileo-del-mondo-educativo","status":"publish","type":"post","link":"https:\/\/www.icmontinicb.edu.it\/site\/evidenza\/la-montini-al-giubileo-del-mondo-educativo\/","title":{"rendered":"La Montini al Giubileo del Mondo Educativo"},"content":{"rendered":"<p style=\"font-weight: 400;\">Il giorno 30 ottobre 2025 si \u00e8 celebrato il Giubileo del Mondo Educativo, un\u2019occasione per ricordare l\u2019importanza dell\u2019istruzione e per riflettere sul ruolo della scuola nella societ\u00e0. A questa fondamentale istituzione spetta non solo il compito di trasmettere conoscenze, ma anche quello di essere una bussola per il futuro delle giovani generazioni, guidandole nella loro crescita e facendo germogliare in esse la sensibilit\u00e0 verso i valori della pace, della solidariet\u00e0 e del rispetto, che sono alla base della convivenza civile.<\/p>\n<p style=\"font-weight: 400;\">L\u2019Istituto Comprensivo \u201cLeopoldo Montini\u201d ha partecipato a questo importante appuntamento con le classi 2B e 2D della Scuola secondaria di primo grado, che hanno avuto la preziosa opportunit\u00e0 di andare a Roma per prendere parte, presso l\u2019aula Paolo VI in Vaticano, all\u2019udienza con Papa Leone XIV. L\u2019incontro, promosso dal ministero dell\u2019Istruzione e del Merito in collaborazione con la Santa Sede, ha rappresentato il momento conclusivo del percorso \u201cLa scuola che vorrei\u201d, dedicato alla riflessione sui valori fondamentali dell\u2019educazione: la centralit\u00e0 della persona, la famiglia, la pace, la riconciliazione e la custodia del creato.<\/p>\n<p style=\"font-weight: 400;\">Incontrare il Pontefice \u00e8 sempre una grande emozione, e la Montini, come gi\u00e0 in passato, si \u00e8 impegnata per consentire ai suoi studenti di vivere un evento che sicuramente non dimenticheranno. Gli alunni, accompagnati dalla Dirigente Scolastica, dott.ssa Agata Antonelli, e da un gruppo di docenti, hanno atteso con ansia l\u2019arrivo del Papa. E l\u2019attesa \u00e8 stata premiata quando il Santo Padre, entrato nell\u2019aula Paolo VI, \u00e8 passato proprio di fianco ai nostri studenti, stringendo le mani e scambiando qualche parola con loro. Gli alunni, emozionatissimi, hanno accolto il Papa con un cartellone su cui campeggiava la scritta \u201cI sogni esistono\u2026 per essere realizzati\u2026\u201d. E in questa splendida giornata romana, questi giovani studenti hanno realizzato uno dei loro sogni, e la scuola \u00e8 felice di essersi dedicata al successo di questa iniziativa: uno sforzo organizzativo ripagato dai sorrisi e dagli occhi umidi di felicit\u00e0 dei suoi alunni, che hanno avuto l\u2019opportunit\u00e0 unica di incontrare una delle figure pi\u00f9 importanti e carismatiche del pianeta, di stringere la mano e di interagire con essa, andando oltre la consueta immagine della guida della Chiesa cattolica, familiare attraverso la televisione, e apprezzando da vicino la bont\u00e0 e l\u2019umilt\u00e0 dell\u2019uomo che ricopre quel prestigioso incarico, sempre pronto ad avvicinarsi alle persone, soprattutto ai pi\u00f9 giovani. Un ricordo che sicuramente rester\u00e0 indelebile nella loro memoria.<\/p>\n<p style=\"font-weight: 400;\">I ragazzi hanno poi ascoltato con attenzione le parole di Leone XIV, che ha spronato i giovani a essere costruttori di pace in famiglia, a scuola, nello sport; inoltre ha lanciato un allarme sull\u2019impiego incontrollato della tecnologia, che deve essere usata con giudizio e consapevolezza, per evitare che essa prenda il sopravvento e si trasformi da strumento al servizio dell\u2019umanit\u00e0 a fine ultimo della sua esistenza.<\/p>\n<p style=\"font-weight: 400;\">La giornata \u00e8 poi proseguita con un altro importante atto simbolico: il passaggio della Porta Santa nella basilica di San Pietro. Gli alunni sono stati preparati e guidati a compiere questo rito con un atteggiamento riflessivo e ispirato a quei valori universali che sono alla base della nostra cultura. Alla solennit\u00e0 del rito si sono poi aggiunti lo stupore e la meraviglia suscitati dall\u2019immersione nei capolavori artistici della basilica, che gli alunni hanno potuto ammirare camminando lungo le grandi navate della chiesa.<\/p>\n<p style=\"font-weight: 400;\">Il ritorno a Campobasso \u00e8 stato segnato dalla felicit\u00e0 di aver vissuto un\u2019esperienza unica e difficile da dimenticare quale pu\u00f2 essere l\u2019incontro ravvicinato con il Papa. La Montini esprime il suo pi\u00f9 sentito ringraziamento al ministero dell\u2019Istruzione e del Merito e all\u2019Ufficio Scolastico Regionale per il Molise per questa opportunit\u00e0, perch\u00e9 \u00e8 sicura che eventi come questo costituiscano preziosissime occasioni di crescita per i suoi studenti e, nel vedere il loro entusiasmo, trova la conferma del valore delle sue iniziative e lo stimolo per proseguire con maggiore energia la sua azione educativa.<\/p>\n<p>&nbsp;<\/p>\n<p><img fetchpriority=\"high\" decoding=\"async\" class=\"alignnone size-medium wp-image-23640\" src=\"https:\/\/www.icmontinicb.edu.it\/site\/wp-content\/uploads\/2025\/11\/1-300x169.jpeg\" alt=\"\" width=\"300\" height=\"169\" srcset=\"https:\/\/www.icmontinicb.edu.it\/site\/wp-content\/uploads\/2025\/11\/1-300x169.jpeg 300w, https:\/\/www.icmontinicb.edu.it\/site\/wp-content\/uploads\/2025\/11\/1-1024x576.jpeg 1024w, https:\/\/www.icmontinicb.edu.it\/site\/wp-content\/uploads\/2025\/11\/1-768x432.jpeg 768w, https:\/\/www.icmontinicb.edu.it\/site\/wp-content\/uploads\/2025\/11\/1-1536x864.jpeg 1536w, https:\/\/www.icmontinicb.edu.it\/site\/wp-content\/uploads\/2025\/11\/1.jpeg 1599w\" sizes=\"(max-width: 300px) 100vw, 300px\" \/>\u00a0 <img decoding=\"async\" class=\"alignnone size-medium wp-image-23641\" src=\"https:\/\/www.icmontinicb.edu.it\/site\/wp-content\/uploads\/2025\/11\/2-300x225.jpeg\" alt=\"\" width=\"300\" height=\"225\" srcset=\"https:\/\/www.icmontinicb.edu.it\/site\/wp-content\/uploads\/2025\/11\/2-300x225.jpeg 300w, https:\/\/www.icmontinicb.edu.it\/site\/wp-content\/uploads\/2025\/11\/2-1024x766.jpeg 1024w, https:\/\/www.icmontinicb.edu.it\/site\/wp-content\/uploads\/2025\/11\/2-768x575.jpeg 768w, https:\/\/www.icmontinicb.edu.it\/site\/wp-content\/uploads\/2025\/11\/2-1536x1150.jpeg 1536w, https:\/\/www.icmontinicb.edu.it\/site\/wp-content\/uploads\/2025\/11\/2.jpeg 2000w\" sizes=\"(max-width: 300px) 100vw, 300px\" \/>\u00a0 <img decoding=\"async\" class=\"alignnone size-medium wp-image-23642\" src=\"https:\/\/www.icmontinicb.edu.it\/site\/wp-content\/uploads\/2025\/11\/3-300x169.jpeg\" alt=\"\" width=\"300\" height=\"169\" srcset=\"https:\/\/www.icmontinicb.edu.it\/site\/wp-content\/uploads\/2025\/11\/3-300x169.jpeg 300w, https:\/\/www.icmontinicb.edu.it\/site\/wp-content\/uploads\/2025\/11\/3-1024x576.jpeg 1024w, https:\/\/www.icmontinicb.edu.it\/site\/wp-content\/uploads\/2025\/11\/3-768x432.jpeg 768w, https:\/\/www.icmontinicb.edu.it\/site\/wp-content\/uploads\/2025\/11\/3-1536x864.jpeg 1536w, https:\/\/www.icmontinicb.edu.it\/site\/wp-content\/uploads\/2025\/11\/3.jpeg 2000w\" sizes=\"(max-width: 300px) 100vw, 300px\" \/><\/p>\n<p><img loading=\"lazy\" decoding=\"async\" class=\"alignnone size-medium wp-image-23643\" src=\"https:\/\/www.icmontinicb.edu.it\/site\/wp-content\/uploads\/2025\/11\/4-300x169.jpeg\" alt=\"\" width=\"300\" height=\"169\" srcset=\"https:\/\/www.icmontinicb.edu.it\/site\/wp-content\/uploads\/2025\/11\/4-300x169.jpeg 300w, https:\/\/www.icmontinicb.edu.it\/site\/wp-content\/uploads\/2025\/11\/4-1024x576.jpeg 1024w, https:\/\/www.icmontinicb.edu.it\/site\/wp-content\/uploads\/2025\/11\/4-768x432.jpeg 768w, https:\/\/www.icmontinicb.edu.it\/site\/wp-content\/uploads\/2025\/11\/4-1536x864.jpeg 1536w, https:\/\/www.icmontinicb.edu.it\/site\/wp-content\/uploads\/2025\/11\/4.jpeg 1599w\" sizes=\"(max-width: 300px) 100vw, 300px\" \/> <img loading=\"lazy\" decoding=\"async\" class=\"alignnone size-medium wp-image-23644\" src=\"https:\/\/www.icmontinicb.edu.it\/site\/wp-content\/uploads\/2025\/11\/5-300x199.png\" alt=\"\" width=\"300\" height=\"199\" srcset=\"https:\/\/www.icmontinicb.edu.it\/site\/wp-content\/uploads\/2025\/11\/5-300x199.png 300w, https:\/\/www.icmontinicb.edu.it\/site\/wp-content\/uploads\/2025\/11\/5-1024x679.png 1024w, https:\/\/www.icmontinicb.edu.it\/site\/wp-content\/uploads\/2025\/11\/5-768x510.png 768w, https:\/\/www.icmontinicb.edu.it\/site\/wp-content\/uploads\/2025\/11\/5-1536x1019.png 1536w, https:\/\/www.icmontinicb.edu.it\/site\/wp-content\/uploads\/2025\/11\/5.png 1884w\" sizes=\"(max-width: 300px) 100vw, 300px\" \/><\/p>\n","protected":false},"excerpt":{"rendered":"<p>Il giorno 30 ottobre 2025 si \u00e8 celebrato il Giubileo del Mondo Educativo, un\u2019occasione per ricordare l\u2019importanza dell\u2019istruzione e per riflettere sul ruolo della scuola nella societ\u00e0. A questa fondamentale istituzione spetta non solo il compito di trasmettere conoscenze, ma anche quello di essere una bussola per il futuro delle giovani generazioni, guidandole nella loro [&hellip;]<\/p>\n","protected":false},"author":410,"featured_media":23644,"comment_status":"closed","ping_status":"closed","sticky":false,"template":"","format":"standard","meta":{"footnotes":""},"categories":[15,16,110],"tags":[],"class_list":["post-23639","post","type-post","status-publish","format-standard","has-post-thumbnail","hentry","category-evidenza","category-generali","category-progetti"],"_links":{"self":[{"href":"https:\/\/www.icmontinicb.edu.it\/site\/wp-json\/wp\/v2\/posts\/23639","targetHints":{"allow":["GET"]}}],"collection":[{"href":"https:\/\/www.icmontinicb.edu.it\/site\/wp-json\/wp\/v2\/posts"}],"about":[{"href":"https:\/\/www.icmontinicb.edu.it\/site\/wp-json\/wp\/v2\/types\/post"}],"author":[{"embeddable":true,"href":"https:\/\/www.icmontinicb.edu.it\/site\/wp-json\/wp\/v2\/users\/410"}],"replies":[{"embeddable":true,"href":"https:\/\/www.icmontinicb.edu.it\/site\/wp-json\/wp\/v2\/comments?post=23639"}],"version-history":[{"count":1,"href":"https:\/\/www.icmontinicb.edu.it\/site\/wp-json\/wp\/v2\/posts\/23639\/revisions"}],"predecessor-version":[{"id":23645,"href":"https:\/\/www.icmontinicb.edu.it\/site\/wp-json\/wp\/v2\/posts\/23639\/revisions\/23645"}],"wp:featuredmedia":[{"embeddable":true,"href":"https:\/\/www.icmontinicb.edu.it\/site\/wp-json\/wp\/v2\/media\/23644"}],"wp:attachment":[{"href":"https:\/\/www.icmontinicb.edu.it\/site\/wp-json\/wp\/v2\/media?parent=23639"}],"wp:term":[{"taxonomy":"category","embeddable":true,"href":"https:\/\/www.icmontinicb.edu.it\/site\/wp-json\/wp\/v2\/categories?post=23639"},{"taxonomy":"post_tag","embeddable":true,"href":"https:\/\/www.icmontinicb.edu.it\/site\/wp-json\/wp\/v2\/tags?post=23639"}],"curies":[{"name":"wp","href":"https:\/\/api.w.org\/{rel}","templated":true}]}}