{"id":23511,"date":"2025-10-06T18:38:48","date_gmt":"2025-10-06T16:38:48","guid":{"rendered":"https:\/\/www.icmontinicb.edu.it\/site\/?p=23511"},"modified":"2025-10-12T19:50:48","modified_gmt":"2025-10-12T17:50:48","slug":"una-mattinata-sul-tratturo-per-il-piano-delle-arti","status":"publish","type":"post","link":"https:\/\/www.icmontinicb.edu.it\/site\/evidenza\/una-mattinata-sul-tratturo-per-il-piano-delle-arti\/","title":{"rendered":"Una mattinata sul tratturo per il \u201cPiano delle arti\u201d"},"content":{"rendered":"<p style=\"font-weight: 400;\">Una scuola aperta al territorio e attenta alla sua valorizzazione: non \u00e8 un auspicio ma la bussola che guida da sempre l\u2019azione didattica dell\u2019Istituto Comprensivo \u201cLeopoldo Montini\u201d. \u00c8 con questo spirito che, nella giornata di sabato 4 ottobre, una rappresentanza degli alunni della Scuola secondaria di primo grado si \u00e8 ritrovata presso la chiesa di Santa Maria della Strada per presentare gli esiti dei lavori svolti nell\u2019ambito del primo anno del \u201cPiano delle arti\u201d. \u00c8 un progetto di durata triennale per la promozione della cultura umanistica, in particolare attraverso la conoscenza del patrimonio culturale e ambientale italiano, e per lo sviluppo delle competenze pratiche relative alla musica e alle arti. Proprio la Montini ricopre il ruolo di scuola capofila, con compiti di coordinamento didattico e di gestione amministrativa, nella rete di istituzioni scolastiche afferenti al progetto, che ha anche l\u2019obiettivo di promuovere pratiche didattiche indirizzate alla valorizzazione delle differenti attitudini degli studenti, favorendone l\u2019apprendimento e l\u2019orientamento delle scelte future.<\/p>\n<p style=\"font-weight: 400;\">Tema centrale del progetto, intitolato <em>Sentieri di creativit\u00e0: tra castelli e tratturi del Molise<\/em>, \u00e8 uno degli elementi caratteristici del territorio molisano, il tratturo, che \u00e8 stato il perno di una serie di attivit\u00e0 che, seguendo un\u2019ottica interdisciplinare, hanno valorizzato la creativit\u00e0 musicale, artistica e letteraria degli alunni, che si sono immersi negli aspetti, nei mestieri, nell\u2019ambiente, nella cultura, nei costumi e nelle tradizioni musicali legati alla transumanza. Inoltre, il fatto che le diverse attivit\u00e0 proposte siano direttamente collegate al territorio di appartenenza ha generato un\u2019attiva partecipazione degli allievi, che si sono sentiti protagonisti nell\u2019approfondire le varie tematiche proposte. Gli alunni hanno fatto delle ricerche su quattro chiese che insistono sui tratturi, sull\u2019abbigliamento e sulle abitudini dei pastori, e infine sulla lavorazione del latte e della lana.<\/p>\n<p style=\"font-weight: 400;\">E gli studenti sono stati protagonisti anche della mattinata di sabato, quando hanno esposto i risultati delle loro ricerche e suonato e cantato il brano <em>Canzona Velenosa<\/em>.<\/p>\n<p style=\"font-weight: 400;\">Ma la giornata di sabato non si \u00e8 limitata alla presentazione dei lavori degli alunni, ma \u00e8 stata arricchita dal confronto con esperti dell\u2019arte, della musica, del paesaggio dei tratturi e della transumanza, dichiarata patrimonio immaterialedell\u2019umanit\u00e0, tra cui il sig. Antonio Di Tommaso della <em>ProLoco Matrice<\/em>, l\u2019architetto e giornalista Francesco Manfredi Selvaggi e la sig.ra Pina Di Nardo.<\/p>\n<p><span style=\"font-weight: 400;\">L\u2019evento ha rappresentato una bellissima tappa del pi\u00f9 ampio viaggio del \u201cPiano delle arti\u201d, con il quale l\u2019Istituto si \u00e8 impegnato, e continuer\u00e0 ad impegnarsi in futuro, nell\u2019implementazione di percorsi per la formazione artistica degli alunni al fine di favorire l\u2019acquisizione di competenze pratiche ed espressive, l\u2019interazione tra linguaggi diversi, la collaborazione tra scuole di ordine differente e il rafforzamento del senso di identit\u00e0 culturale, confermando il ruolo della Montini quale comunit\u00e0 educativa al servizio del territorio.<\/span><\/p>\n<p>&nbsp;<\/p>\n<p><img fetchpriority=\"high\" decoding=\"async\" class=\"alignnone size-medium wp-image-23512\" src=\"https:\/\/www.icmontinicb.edu.it\/site\/wp-content\/uploads\/2025\/10\/1-300x225.jpeg\" alt=\"\" width=\"300\" height=\"225\" srcset=\"https:\/\/www.icmontinicb.edu.it\/site\/wp-content\/uploads\/2025\/10\/1-300x225.jpeg 300w, https:\/\/www.icmontinicb.edu.it\/site\/wp-content\/uploads\/2025\/10\/1-1024x768.jpeg 1024w, https:\/\/www.icmontinicb.edu.it\/site\/wp-content\/uploads\/2025\/10\/1-768x576.jpeg 768w, https:\/\/www.icmontinicb.edu.it\/site\/wp-content\/uploads\/2025\/10\/1-1536x1152.jpeg 1536w, https:\/\/www.icmontinicb.edu.it\/site\/wp-content\/uploads\/2025\/10\/1.jpeg 2000w\" sizes=\"(max-width: 300px) 100vw, 300px\" \/>\u00a0 \u00a0<img decoding=\"async\" class=\"alignnone wp-image-23513\" src=\"https:\/\/www.icmontinicb.edu.it\/site\/wp-content\/uploads\/2025\/10\/2-300x169.jpeg\" alt=\"\" width=\"398\" height=\"224\" srcset=\"https:\/\/www.icmontinicb.edu.it\/site\/wp-content\/uploads\/2025\/10\/2-300x169.jpeg 300w, https:\/\/www.icmontinicb.edu.it\/site\/wp-content\/uploads\/2025\/10\/2-1024x576.jpeg 1024w, https:\/\/www.icmontinicb.edu.it\/site\/wp-content\/uploads\/2025\/10\/2-768x432.jpeg 768w, https:\/\/www.icmontinicb.edu.it\/site\/wp-content\/uploads\/2025\/10\/2-1536x864.jpeg 1536w, https:\/\/www.icmontinicb.edu.it\/site\/wp-content\/uploads\/2025\/10\/2.jpeg 1599w\" sizes=\"(max-width: 398px) 100vw, 398px\" \/><\/p>\n","protected":false},"excerpt":{"rendered":"<p>Una scuola aperta al territorio e attenta alla sua valorizzazione: non \u00e8 un auspicio ma la bussola che guida da sempre l\u2019azione didattica dell\u2019Istituto Comprensivo \u201cLeopoldo Montini\u201d. \u00c8 con questo spirito che, nella giornata di sabato 4 ottobre, una rappresentanza degli alunni della Scuola secondaria di primo grado si \u00e8 ritrovata presso la chiesa di [&hellip;]<\/p>\n","protected":false},"author":410,"featured_media":23512,"comment_status":"closed","ping_status":"closed","sticky":false,"template":"","format":"standard","meta":{"footnotes":""},"categories":[15,16,110],"tags":[],"class_list":["post-23511","post","type-post","status-publish","format-standard","has-post-thumbnail","hentry","category-evidenza","category-generali","category-progetti"],"_links":{"self":[{"href":"https:\/\/www.icmontinicb.edu.it\/site\/wp-json\/wp\/v2\/posts\/23511","targetHints":{"allow":["GET"]}}],"collection":[{"href":"https:\/\/www.icmontinicb.edu.it\/site\/wp-json\/wp\/v2\/posts"}],"about":[{"href":"https:\/\/www.icmontinicb.edu.it\/site\/wp-json\/wp\/v2\/types\/post"}],"author":[{"embeddable":true,"href":"https:\/\/www.icmontinicb.edu.it\/site\/wp-json\/wp\/v2\/users\/410"}],"replies":[{"embeddable":true,"href":"https:\/\/www.icmontinicb.edu.it\/site\/wp-json\/wp\/v2\/comments?post=23511"}],"version-history":[{"count":1,"href":"https:\/\/www.icmontinicb.edu.it\/site\/wp-json\/wp\/v2\/posts\/23511\/revisions"}],"predecessor-version":[{"id":23514,"href":"https:\/\/www.icmontinicb.edu.it\/site\/wp-json\/wp\/v2\/posts\/23511\/revisions\/23514"}],"wp:featuredmedia":[{"embeddable":true,"href":"https:\/\/www.icmontinicb.edu.it\/site\/wp-json\/wp\/v2\/media\/23512"}],"wp:attachment":[{"href":"https:\/\/www.icmontinicb.edu.it\/site\/wp-json\/wp\/v2\/media?parent=23511"}],"wp:term":[{"taxonomy":"category","embeddable":true,"href":"https:\/\/www.icmontinicb.edu.it\/site\/wp-json\/wp\/v2\/categories?post=23511"},{"taxonomy":"post_tag","embeddable":true,"href":"https:\/\/www.icmontinicb.edu.it\/site\/wp-json\/wp\/v2\/tags?post=23511"}],"curies":[{"name":"wp","href":"https:\/\/api.w.org\/{rel}","templated":true}]}}