{"id":22980,"date":"2025-06-05T16:27:45","date_gmt":"2025-06-05T14:27:45","guid":{"rendered":"https:\/\/icmontinicb.edu.it\/site\/?p=22980"},"modified":"2025-07-03T08:16:47","modified_gmt":"2025-07-03T06:16:47","slug":"li-c-montini-pluripremiato-al-concorso-nazionale-i-colori-della-vita","status":"publish","type":"post","link":"https:\/\/www.icmontinicb.edu.it\/site\/evidenza\/li-c-montini-pluripremiato-al-concorso-nazionale-i-colori-della-vita\/","title":{"rendered":"L\u2019I.C. \u201cMontini\u201d pluripremiato al concorso nazionale \u201cI Colori della Vita\u201d"},"content":{"rendered":"<p style=\"font-weight: 400;\">Importanti riconoscimenti per l\u2019Istituto Comprensivo \u201cLeopoldo Montini\u201d di Campobasso in occasione della XX edizione del concorso nazionale \u201cI Colori della Vita\u201d, promosso dall\u2019Istituto Omnicomprensivo di Santa Croce di Magliano (CB).<\/p>\n<p style=\"font-weight: 400;\">Il concorso, nato per mantenere viva la memoria dei 27 bambini e della loro insegnante scomparsi nel crollo della scuola \u201cFrancesco Jovine\u201d di San Giuliano di Puglia nel 2002, \u00e8 da anni un momento di riflessione condivisa tra le scuole italiane su tematiche di grande valore umano. Il tema proposto per questa edizione, \u201cLa diversit\u00e0: un punto di partenza\u201d, ha ispirato percorsi creativi e profondi, che hanno coinvolto bambini e ragazzi in esperienze significative di ascolto, espressione e condivisione.<\/p>\n<p style=\"font-weight: 400;\">Tra i progetti premiati figura quello realizzato dalla classe 4\u00aa D della Scuola primaria, docente referente Enza Bozzuto, che ha ottenuto il primo premio nella sezione dedicata agli elaborati grafici. L\u2019elaborato, intitolato \u201cNoi siamo stelle\u201d, \u00e8 un videoracconto in cui parole e immagini si intrecciano per raccontare come ogni bambino, con la propria unicit\u00e0, contribuisca a illuminare il cielo comune dell\u2019umanit\u00e0. A partire da esperienze vissute in classe, ciascun alunno ha espresso ci\u00f2 che ha imparato da un compagno \u201cdiverso\u201d \u2013 per abilit\u00e0, cultura, lingua \u2013 mettendo in luce valori come la pazienza, l\u2019empatia, l\u2019ascolto e la forza del silenzio. Le immagini, ispirate alla \u201cNotte stellata\u201d di Van Gogh, accompagnano la narrazione: il cielo, inizialmente vuoto, si riempie man mano di stelle, creando una metafora visiva della diversit\u00e0 come fonte di luce e armonia.<\/p>\n<p style=\"font-weight: 400;\">Un altro primo premio, nella sezione poesia per la Scuola secondaria di primo grado, \u00e8 andato alla classe 2\u00aa D, docenti referenti Maria Grazia Prudente e Giulia Sollazzo, con il lavoro &#8220;Una luce profonda&#8221;. L\u2019elaborato consiste in una raccolta di 17 Haiku, tutti aderenti alle regole stilistiche della poesia giapponese, con interpretazioni poetiche profonde e coerenti con il tema proposto. I testi si distinguono per linguaggio evocativo, emozioni intense e commenti in prosa chiari e illuminanti, accompagnati da un&#8217;immagine che ne esalta il valore altamente simbolico.<\/p>\n<p style=\"font-weight: 400;\">Anche i pi\u00f9 piccoli hanno ricevuto un importante riconoscimento. Le sezioni A, B e C della Scuola dell\u2019infanzia \u201cCEP SUD\u201d hanno infatti ottenuto il secondo premio nella sezione dedicata agli elaborati grafici, con l&#8217;opera intitolata &#8220;Accogliere la diversit\u00e0: un viaggio verso l&#8217;integrazione&#8221;. L\u2019elaborato, realizzato dagli alunni frequentanti l\u2019ultimo anno della scuola dell\u2019infanzia, guidati dall\u2019insegnante Rosanna Del Riccio, comunica l\u2019idea di un processo di accoglienza che porta alla comprensione e all\u2019integrazione delle differenze. Vuole trasmettere il messaggio di essere accoglienti, solidali, di rispettare e vedere l\u2019altro come una risorsa per la propria crescita, senza timori ma con grande curiosit\u00e0 e con la voglia di conoscere, accettare e amare chi arriva da lontano, con tutte le diversit\u00e0 di cui \u00e8 portatore.<\/p>\n<p style=\"font-weight: 400;\">A essere premiata anche la classe 4\u00aa A della Scuola primaria, docenti referenti Maria Rosaria Pavone e Marina Reale, che si \u00e8 classificata al terzo posto nella sezione multimediale. Il loro lavoro, intitolato \u201cLa mia vita a colori\u201d, nasce dall\u2019incontro con Francesco, un compagno che si esprime attraverso la pittura. Francesco, con i suoi colori intensi e vivaci, racconta il mondo in modo unico e personale. La classe ha voluto celebrare la sua arte e il suo sguardo creativo realizzando un video che raccoglie emozioni, riflessioni e suggestioni. Il progetto \u00e8 diventato cos\u00ec un omaggio collettivo alla bellezza dell\u2019espressione artistica e alla forza comunicativa dell\u2019inclusione.<\/p>\n<p style=\"font-weight: 400;\">La premiazione si \u00e8 svolta il 30 maggio 2025 presso il Museo della Memoria di San Giuliano di Puglia, alla presenza delle delegazioni scolastiche e delle autorit\u00e0. Un momento intenso e significativo, che ha unito memoria e futuro, dando voce ai giovani attraverso il linguaggio dell\u2019arte e della parola.<\/p>\n<p style=\"font-weight: 400;\">La Montini \u00e8 orgogliosa di questi successi, segno di una comunit\u00e0 educativa che si impegna quotidianamente per offrire stimoli e riflessioni ai suoi studenti, guidandoli a comunicare le loro emozioni con tutti i canali espressivi. La Dirigente scolastica Agata Antonelli ha accolto con immensa gioia il raggiungimento di questi traguardi e si \u00e8 congratulata, a nome di tutto l\u2019Istituto, con gli alunni e le docenti per la seriet\u00e0 del loro impegno e la genuina sensibilit\u00e0 che hanno saputo trasmettere con le loro opere: la partecipazione al concorso, infatti, ha il significato pi\u00f9 profondo di non far spegnere mai la luce del ricordo e, proprio per questo, la Dirigente ringrazia gli organizzatori del concorso e il personale dell\u2019Istituto Omnicomprensivo di Santa Croce di Magliano, che mantengono viva questa fiamma.<\/p>\n<p><span style=\"font-weight: 400;\">Partecipare al concorso \u201cI Colori della Vita\u201d ha rappresentato anche quest\u2019anno un\u2019opportunit\u00e0 preziosa di crescita per le classi dell\u2019Istituto Montini, che hanno affrontato il tema proposto con sensibilit\u00e0, originalit\u00e0 e consapevolezza. Ancora complimenti ai nostri ragazzi, che hanno saputo far brillare la loro creativit\u00e0, e alle docenti, che hanno valorizzato la luce interiore dei loro studenti.<\/span><\/p>\n<p>&nbsp;<\/p>\n<p><img fetchpriority=\"high\" decoding=\"async\" class=\"alignnone size-medium wp-image-22983\" src=\"https:\/\/icmontinicb.edu.it\/site\/wp-content\/uploads\/2025\/06\/1-300x211.jpeg\" alt=\"\" width=\"300\" height=\"211\" srcset=\"https:\/\/www.icmontinicb.edu.it\/site\/wp-content\/uploads\/2025\/06\/1-300x211.jpeg 300w, https:\/\/www.icmontinicb.edu.it\/site\/wp-content\/uploads\/2025\/06\/1-1024x719.jpeg 1024w, https:\/\/www.icmontinicb.edu.it\/site\/wp-content\/uploads\/2025\/06\/1-768x539.jpeg 768w, https:\/\/www.icmontinicb.edu.it\/site\/wp-content\/uploads\/2025\/06\/1.jpeg 1409w\" sizes=\"(max-width: 300px) 100vw, 300px\" \/> <img decoding=\"async\" class=\"alignnone size-medium wp-image-22984\" src=\"https:\/\/icmontinicb.edu.it\/site\/wp-content\/uploads\/2025\/06\/2-300x211.jpeg\" alt=\"\" width=\"300\" height=\"211\" srcset=\"https:\/\/www.icmontinicb.edu.it\/site\/wp-content\/uploads\/2025\/06\/2-300x211.jpeg 300w, https:\/\/www.icmontinicb.edu.it\/site\/wp-content\/uploads\/2025\/06\/2-1024x721.jpeg 1024w, https:\/\/www.icmontinicb.edu.it\/site\/wp-content\/uploads\/2025\/06\/2-768x540.jpeg 768w, https:\/\/www.icmontinicb.edu.it\/site\/wp-content\/uploads\/2025\/06\/2-1536x1081.jpeg 1536w, https:\/\/www.icmontinicb.edu.it\/site\/wp-content\/uploads\/2025\/06\/2.jpeg 2048w\" sizes=\"(max-width: 300px) 100vw, 300px\" \/> <img decoding=\"async\" class=\"alignnone size-medium wp-image-22985\" src=\"https:\/\/icmontinicb.edu.it\/site\/wp-content\/uploads\/2025\/06\/3-300x186.jpeg\" alt=\"\" width=\"300\" height=\"186\" srcset=\"https:\/\/www.icmontinicb.edu.it\/site\/wp-content\/uploads\/2025\/06\/3-300x186.jpeg 300w, https:\/\/www.icmontinicb.edu.it\/site\/wp-content\/uploads\/2025\/06\/3-1024x636.jpeg 1024w, https:\/\/www.icmontinicb.edu.it\/site\/wp-content\/uploads\/2025\/06\/3-768x477.jpeg 768w, https:\/\/www.icmontinicb.edu.it\/site\/wp-content\/uploads\/2025\/06\/3-1536x953.jpeg 1536w, https:\/\/www.icmontinicb.edu.it\/site\/wp-content\/uploads\/2025\/06\/3.jpeg 1600w\" sizes=\"(max-width: 300px) 100vw, 300px\" \/><\/p>\n<p><img loading=\"lazy\" decoding=\"async\" class=\"alignnone size-medium wp-image-22986\" src=\"https:\/\/icmontinicb.edu.it\/site\/wp-content\/uploads\/2025\/06\/4-300x217.jpeg\" alt=\"\" width=\"300\" height=\"217\" srcset=\"https:\/\/www.icmontinicb.edu.it\/site\/wp-content\/uploads\/2025\/06\/4-300x217.jpeg 300w, https:\/\/www.icmontinicb.edu.it\/site\/wp-content\/uploads\/2025\/06\/4-1024x740.jpeg 1024w, https:\/\/www.icmontinicb.edu.it\/site\/wp-content\/uploads\/2025\/06\/4-768x555.jpeg 768w, https:\/\/www.icmontinicb.edu.it\/site\/wp-content\/uploads\/2025\/06\/4-1536x1110.jpeg 1536w, https:\/\/www.icmontinicb.edu.it\/site\/wp-content\/uploads\/2025\/06\/4.jpeg 1600w\" sizes=\"(max-width: 300px) 100vw, 300px\" \/> <img loading=\"lazy\" decoding=\"async\" class=\"alignnone size-medium wp-image-22981\" src=\"https:\/\/icmontinicb.edu.it\/site\/wp-content\/uploads\/2025\/06\/Foto_1-300x225.jpeg\" alt=\"\" width=\"300\" height=\"225\" srcset=\"https:\/\/www.icmontinicb.edu.it\/site\/wp-content\/uploads\/2025\/06\/Foto_1-300x225.jpeg 300w, https:\/\/www.icmontinicb.edu.it\/site\/wp-content\/uploads\/2025\/06\/Foto_1-1024x768.jpeg 1024w, https:\/\/www.icmontinicb.edu.it\/site\/wp-content\/uploads\/2025\/06\/Foto_1-768x576.jpeg 768w, https:\/\/www.icmontinicb.edu.it\/site\/wp-content\/uploads\/2025\/06\/Foto_1-1536x1152.jpeg 1536w, https:\/\/www.icmontinicb.edu.it\/site\/wp-content\/uploads\/2025\/06\/Foto_1.jpeg 2000w\" sizes=\"(max-width: 300px) 100vw, 300px\" \/> <img loading=\"lazy\" decoding=\"async\" class=\"alignnone size-medium wp-image-22982\" src=\"https:\/\/icmontinicb.edu.it\/site\/wp-content\/uploads\/2025\/06\/Foto_2-225x300.jpeg\" alt=\"\" width=\"225\" height=\"300\" srcset=\"https:\/\/www.icmontinicb.edu.it\/site\/wp-content\/uploads\/2025\/06\/Foto_2-225x300.jpeg 225w, https:\/\/www.icmontinicb.edu.it\/site\/wp-content\/uploads\/2025\/06\/Foto_2-768x1024.jpeg 768w, https:\/\/www.icmontinicb.edu.it\/site\/wp-content\/uploads\/2025\/06\/Foto_2-1152x1536.jpeg 1152w, https:\/\/www.icmontinicb.edu.it\/site\/wp-content\/uploads\/2025\/06\/Foto_2.jpeg 1536w\" sizes=\"(max-width: 225px) 100vw, 225px\" \/><img loading=\"lazy\" decoding=\"async\" class=\"alignnone  wp-image-23035\" src=\"https:\/\/icmontinicb.edu.it\/site\/wp-content\/uploads\/2025\/06\/articolo-gionale-300x221.jpg\" alt=\"\" width=\"324\" height=\"239\" srcset=\"https:\/\/www.icmontinicb.edu.it\/site\/wp-content\/uploads\/2025\/06\/articolo-gionale-300x221.jpg 300w, https:\/\/www.icmontinicb.edu.it\/site\/wp-content\/uploads\/2025\/06\/articolo-gionale-1024x755.jpg 1024w, https:\/\/www.icmontinicb.edu.it\/site\/wp-content\/uploads\/2025\/06\/articolo-gionale-768x566.jpg 768w, https:\/\/www.icmontinicb.edu.it\/site\/wp-content\/uploads\/2025\/06\/articolo-gionale.jpg 1259w\" sizes=\"(max-width: 324px) 100vw, 324px\" \/><\/p>\n","protected":false},"excerpt":{"rendered":"<p>Importanti riconoscimenti per l\u2019Istituto Comprensivo \u201cLeopoldo Montini\u201d di Campobasso in occasione della XX edizione del concorso nazionale \u201cI Colori della Vita\u201d, promosso dall\u2019Istituto Omnicomprensivo di Santa Croce di Magliano (CB). Il concorso, nato per mantenere viva la memoria dei 27 bambini e della loro insegnante scomparsi nel crollo della scuola \u201cFrancesco Jovine\u201d di San Giuliano [&hellip;]<\/p>\n","protected":false},"author":410,"featured_media":22981,"comment_status":"closed","ping_status":"closed","sticky":false,"template":"","format":"standard","meta":{"footnotes":""},"categories":[15,16,55,110],"tags":[],"class_list":["post-22980","post","type-post","status-publish","format-standard","has-post-thumbnail","hentry","category-evidenza","category-generali","category-medagliere","category-progetti"],"_links":{"self":[{"href":"https:\/\/www.icmontinicb.edu.it\/site\/wp-json\/wp\/v2\/posts\/22980","targetHints":{"allow":["GET"]}}],"collection":[{"href":"https:\/\/www.icmontinicb.edu.it\/site\/wp-json\/wp\/v2\/posts"}],"about":[{"href":"https:\/\/www.icmontinicb.edu.it\/site\/wp-json\/wp\/v2\/types\/post"}],"author":[{"embeddable":true,"href":"https:\/\/www.icmontinicb.edu.it\/site\/wp-json\/wp\/v2\/users\/410"}],"replies":[{"embeddable":true,"href":"https:\/\/www.icmontinicb.edu.it\/site\/wp-json\/wp\/v2\/comments?post=22980"}],"version-history":[{"count":0,"href":"https:\/\/www.icmontinicb.edu.it\/site\/wp-json\/wp\/v2\/posts\/22980\/revisions"}],"wp:featuredmedia":[{"embeddable":true,"href":"https:\/\/www.icmontinicb.edu.it\/site\/wp-json\/wp\/v2\/media\/22981"}],"wp:attachment":[{"href":"https:\/\/www.icmontinicb.edu.it\/site\/wp-json\/wp\/v2\/media?parent=22980"}],"wp:term":[{"taxonomy":"category","embeddable":true,"href":"https:\/\/www.icmontinicb.edu.it\/site\/wp-json\/wp\/v2\/categories?post=22980"},{"taxonomy":"post_tag","embeddable":true,"href":"https:\/\/www.icmontinicb.edu.it\/site\/wp-json\/wp\/v2\/tags?post=22980"}],"curies":[{"name":"wp","href":"https:\/\/api.w.org\/{rel}","templated":true}]}}