{"id":22828,"date":"2025-05-16T15:48:49","date_gmt":"2025-05-16T13:48:49","guid":{"rendered":"https:\/\/icmontinicb.edu.it\/site\/?p=22828"},"modified":"2025-07-03T08:17:43","modified_gmt":"2025-07-03T06:17:43","slug":"una-lacrima-ed-una-speranza-per-la-nostra-terra-semplici-simboli-un-grande-messaggio","status":"publish","type":"post","link":"https:\/\/www.icmontinicb.edu.it\/site\/evidenza\/una-lacrima-ed-una-speranza-per-la-nostra-terra-semplici-simboli-un-grande-messaggio\/","title":{"rendered":"Una lacrima ed una speranza per la nostra Terra: semplici simboli, un grande messaggio."},"content":{"rendered":"<p style=\"font-weight: 400;\">Tanta \u00e8 stata la soddisfazione provata nell\u2019apprendere la notizia del secondo posto conquistato da due alunne della classe II B della Scuola secondaria di primo grado del nostro Istituto, nell\u2019ambito del concorso \u201cSalviamo la nostra Terra\u201d, promosso dall\u2019IRASE Regionale Molise.<\/p>\n<p style=\"font-weight: 400;\">La cerimonia di premiazione si \u00e8 svolta il 15 maggio presso l\u2019aula magna del Liceo Scientifico \u201cA. Romita\u201d di Campobasso e ha visto la partecipazione di scuole provenienti da tutta la regione, appartenenti a diversi ordini e gradi.<\/p>\n<p style=\"font-weight: 400;\">Le nostre studentesse si sono distinte grazie a un disegno dal titolo <strong>\u201cLa Terra: una triste visione\u201d<\/strong>, un\u2019opera intensa e ricca di significato, che ha saputo toccare la sensibilit\u00e0 della giuria. L\u2019immagine rappresenta un occhio umano da cui scende una lacrima: una goccia che cade in una piccola pozza condivisa da un uomo e da un animale, entrambi accomunati dalla stessa necessit\u00e0 vitale. Intorno a loro, un paesaggio arido e spoglio, ma sul sopracciglio dell\u2019occhio compare un lieve accenno di vegetazione, simbolo di speranza e rinascita.<\/p>\n<p style=\"font-weight: 400;\">Il messaggio lanciato attraverso quest\u2019opera \u00e8 potente e attuale: la Terra soffre, ma c&#8217;\u00e8 ancora possibilit\u00e0 di salvezza, se l\u2019umanit\u00e0 sapr\u00e0 unirsi in un impegno comune.<\/p>\n<p><span style=\"font-weight: 400;\">Alle nostre due alunne vanno i complimenti pi\u00f9 sentiti per la sensibilit\u00e0 artistica ed ambientale dimostrata, e l\u2019augurio che questo riconoscimento sia solo il primo di tanti futuri successi.<\/span><\/p>\n<p>&nbsp;<\/p>\n<p><img fetchpriority=\"high\" decoding=\"async\" class=\"alignnone size-medium wp-image-22829\" src=\"https:\/\/icmontinicb.edu.it\/site\/wp-content\/uploads\/2025\/05\/WhatsApp-Image-2025-05-15-at-18.00.59-225x300.jpeg\" alt=\"\" width=\"225\" height=\"300\" srcset=\"https:\/\/www.icmontinicb.edu.it\/site\/wp-content\/uploads\/2025\/05\/WhatsApp-Image-2025-05-15-at-18.00.59-225x300.jpeg 225w, https:\/\/www.icmontinicb.edu.it\/site\/wp-content\/uploads\/2025\/05\/WhatsApp-Image-2025-05-15-at-18.00.59-768x1024.jpeg 768w, https:\/\/www.icmontinicb.edu.it\/site\/wp-content\/uploads\/2025\/05\/WhatsApp-Image-2025-05-15-at-18.00.59-1152x1536.jpeg 1152w, https:\/\/www.icmontinicb.edu.it\/site\/wp-content\/uploads\/2025\/05\/WhatsApp-Image-2025-05-15-at-18.00.59.jpeg 1200w\" sizes=\"(max-width: 225px) 100vw, 225px\" \/>\u00a0 \u00a0 \u00a0 \u00a0 \u00a0 \u00a0<img decoding=\"async\" class=\"alignnone size-medium wp-image-22830\" src=\"https:\/\/icmontinicb.edu.it\/site\/wp-content\/uploads\/2025\/05\/WhatsApp-Image-2025-05-15-at-18.09.32-300x225.jpeg\" alt=\"\" width=\"300\" height=\"225\" srcset=\"https:\/\/www.icmontinicb.edu.it\/site\/wp-content\/uploads\/2025\/05\/WhatsApp-Image-2025-05-15-at-18.09.32-300x225.jpeg 300w, https:\/\/www.icmontinicb.edu.it\/site\/wp-content\/uploads\/2025\/05\/WhatsApp-Image-2025-05-15-at-18.09.32-1024x768.jpeg 1024w, https:\/\/www.icmontinicb.edu.it\/site\/wp-content\/uploads\/2025\/05\/WhatsApp-Image-2025-05-15-at-18.09.32-768x576.jpeg 768w, https:\/\/www.icmontinicb.edu.it\/site\/wp-content\/uploads\/2025\/05\/WhatsApp-Image-2025-05-15-at-18.09.32-1536x1152.jpeg 1536w, https:\/\/www.icmontinicb.edu.it\/site\/wp-content\/uploads\/2025\/05\/WhatsApp-Image-2025-05-15-at-18.09.32.jpeg 1600w\" sizes=\"(max-width: 300px) 100vw, 300px\" \/><\/p>\n","protected":false},"excerpt":{"rendered":"<p>Tanta \u00e8 stata la soddisfazione provata nell\u2019apprendere la notizia del secondo posto conquistato da due alunne della classe II B della Scuola secondaria di primo grado del nostro Istituto, nell\u2019ambito del concorso \u201cSalviamo la nostra Terra\u201d, promosso dall\u2019IRASE Regionale Molise. La cerimonia di premiazione si \u00e8 svolta il 15 maggio presso l\u2019aula magna del Liceo [&hellip;]<\/p>\n","protected":false},"author":410,"featured_media":22829,"comment_status":"closed","ping_status":"closed","sticky":false,"template":"","format":"standard","meta":{"footnotes":""},"categories":[15,16,55,110],"tags":[],"class_list":["post-22828","post","type-post","status-publish","format-standard","has-post-thumbnail","hentry","category-evidenza","category-generali","category-medagliere","category-progetti"],"_links":{"self":[{"href":"https:\/\/www.icmontinicb.edu.it\/site\/wp-json\/wp\/v2\/posts\/22828","targetHints":{"allow":["GET"]}}],"collection":[{"href":"https:\/\/www.icmontinicb.edu.it\/site\/wp-json\/wp\/v2\/posts"}],"about":[{"href":"https:\/\/www.icmontinicb.edu.it\/site\/wp-json\/wp\/v2\/types\/post"}],"author":[{"embeddable":true,"href":"https:\/\/www.icmontinicb.edu.it\/site\/wp-json\/wp\/v2\/users\/410"}],"replies":[{"embeddable":true,"href":"https:\/\/www.icmontinicb.edu.it\/site\/wp-json\/wp\/v2\/comments?post=22828"}],"version-history":[{"count":0,"href":"https:\/\/www.icmontinicb.edu.it\/site\/wp-json\/wp\/v2\/posts\/22828\/revisions"}],"wp:featuredmedia":[{"embeddable":true,"href":"https:\/\/www.icmontinicb.edu.it\/site\/wp-json\/wp\/v2\/media\/22829"}],"wp:attachment":[{"href":"https:\/\/www.icmontinicb.edu.it\/site\/wp-json\/wp\/v2\/media?parent=22828"}],"wp:term":[{"taxonomy":"category","embeddable":true,"href":"https:\/\/www.icmontinicb.edu.it\/site\/wp-json\/wp\/v2\/categories?post=22828"},{"taxonomy":"post_tag","embeddable":true,"href":"https:\/\/www.icmontinicb.edu.it\/site\/wp-json\/wp\/v2\/tags?post=22828"}],"curies":[{"name":"wp","href":"https:\/\/api.w.org\/{rel}","templated":true}]}}