{"id":22816,"date":"2025-05-13T10:43:01","date_gmt":"2025-05-13T08:43:01","guid":{"rendered":"https:\/\/icmontinicb.edu.it\/site\/?p=22816"},"modified":"2025-07-03T08:17:57","modified_gmt":"2025-07-03T06:17:57","slug":"il-coro-della-montini-inaugura-la-seduta-del-consiglio-comunale-dedicata-a-san-giorgio","status":"publish","type":"post","link":"https:\/\/www.icmontinicb.edu.it\/site\/evidenza\/il-coro-della-montini-inaugura-la-seduta-del-consiglio-comunale-dedicata-a-san-giorgio\/","title":{"rendered":"Il coro della Montini inaugura la seduta del Consiglio Comunale dedicata a San Giorgio"},"content":{"rendered":"<p style=\"font-weight: 400;\">Nella mattina di luned\u00ec 12 maggio il coro dell\u2019Istituto Comprensivo \u201cLeopoldo Montini\u201d ha aperto la seduta del Consiglio Comunale di Campobasso cantando l\u2019inno nazionale. L\u2019invito, a nome dell\u2019amministrazione comunale, \u00e8 giunto direttamente dalla sindaca Marialuisa Forte che, in occasione della sua visita presso l\u2019Istituto all\u2019inizio dell\u2019anno scolastico, aveva espresso il suo desiderio di poter far esibire il coro della Montini presso il municipio.<\/p>\n<p style=\"font-weight: 400;\">L\u2019occasione \u00e8 stata una seduta monotematica dedicata a San Giorgio, santo patrono della citt\u00e0, che diventer\u00e0 annuale, nel corso della quale \u00e8 stata lanciata anche la prima edizione del Premio San Giorgio, destinato a una personalit\u00e0 della citt\u00e0 che si \u00e8 particolarmente distinta. La seduta, programmata per il giorno 23 aprile, era stata rinviata in segno di rispetto per la scomparsa di Papa Francesco e riprogrammata per il giorno 12 maggio.<\/p>\n<p><span style=\"font-weight: 400;\">Gli alunni del coro, provenienti da tutte le classi dell\u2019Istituto, hanno cos\u00ec avuto la possibilit\u00e0 di esibirsi in uno dei luoghi pi\u00f9 importanti della vita civile cittadina, esprimendo per mezzo della loro voce tutto l\u2019entusiasmo di sentirsi cittadini attivi e responsabili.<\/span><\/p>\n<p>&nbsp;<\/p>\n<p><img fetchpriority=\"high\" decoding=\"async\" class=\"alignnone size-medium wp-image-22817\" src=\"https:\/\/icmontinicb.edu.it\/site\/wp-content\/uploads\/2025\/05\/WhatsApp-Image-2025-05-13-at-10.35.53-300x172.jpeg\" alt=\"\" width=\"300\" height=\"172\" srcset=\"https:\/\/www.icmontinicb.edu.it\/site\/wp-content\/uploads\/2025\/05\/WhatsApp-Image-2025-05-13-at-10.35.53-300x172.jpeg 300w, https:\/\/www.icmontinicb.edu.it\/site\/wp-content\/uploads\/2025\/05\/WhatsApp-Image-2025-05-13-at-10.35.53-1024x586.jpeg 1024w, https:\/\/www.icmontinicb.edu.it\/site\/wp-content\/uploads\/2025\/05\/WhatsApp-Image-2025-05-13-at-10.35.53-768x439.jpeg 768w, https:\/\/www.icmontinicb.edu.it\/site\/wp-content\/uploads\/2025\/05\/WhatsApp-Image-2025-05-13-at-10.35.53.jpeg 1080w\" sizes=\"(max-width: 300px) 100vw, 300px\" \/><\/p>\n","protected":false},"excerpt":{"rendered":"<p>Nella mattina di luned\u00ec 12 maggio il coro dell\u2019Istituto Comprensivo \u201cLeopoldo Montini\u201d ha aperto la seduta del Consiglio Comunale di Campobasso cantando l\u2019inno nazionale. L\u2019invito, a nome dell\u2019amministrazione comunale, \u00e8 giunto direttamente dalla sindaca Marialuisa Forte che, in occasione della sua visita presso l\u2019Istituto all\u2019inizio dell\u2019anno scolastico, aveva espresso il suo desiderio di poter far [&hellip;]<\/p>\n","protected":false},"author":410,"featured_media":22817,"comment_status":"closed","ping_status":"closed","sticky":false,"template":"","format":"standard","meta":{"footnotes":""},"categories":[15,16,110],"tags":[],"class_list":["post-22816","post","type-post","status-publish","format-standard","has-post-thumbnail","hentry","category-evidenza","category-generali","category-progetti"],"_links":{"self":[{"href":"https:\/\/www.icmontinicb.edu.it\/site\/wp-json\/wp\/v2\/posts\/22816","targetHints":{"allow":["GET"]}}],"collection":[{"href":"https:\/\/www.icmontinicb.edu.it\/site\/wp-json\/wp\/v2\/posts"}],"about":[{"href":"https:\/\/www.icmontinicb.edu.it\/site\/wp-json\/wp\/v2\/types\/post"}],"author":[{"embeddable":true,"href":"https:\/\/www.icmontinicb.edu.it\/site\/wp-json\/wp\/v2\/users\/410"}],"replies":[{"embeddable":true,"href":"https:\/\/www.icmontinicb.edu.it\/site\/wp-json\/wp\/v2\/comments?post=22816"}],"version-history":[{"count":0,"href":"https:\/\/www.icmontinicb.edu.it\/site\/wp-json\/wp\/v2\/posts\/22816\/revisions"}],"wp:featuredmedia":[{"embeddable":true,"href":"https:\/\/www.icmontinicb.edu.it\/site\/wp-json\/wp\/v2\/media\/22817"}],"wp:attachment":[{"href":"https:\/\/www.icmontinicb.edu.it\/site\/wp-json\/wp\/v2\/media?parent=22816"}],"wp:term":[{"taxonomy":"category","embeddable":true,"href":"https:\/\/www.icmontinicb.edu.it\/site\/wp-json\/wp\/v2\/categories?post=22816"},{"taxonomy":"post_tag","embeddable":true,"href":"https:\/\/www.icmontinicb.edu.it\/site\/wp-json\/wp\/v2\/tags?post=22816"}],"curies":[{"name":"wp","href":"https:\/\/api.w.org\/{rel}","templated":true}]}}