{"id":22801,"date":"2025-05-08T16:05:09","date_gmt":"2025-05-08T14:05:09","guid":{"rendered":"https:\/\/icmontinicb.edu.it\/site\/?p=22801"},"modified":"2025-07-03T08:18:11","modified_gmt":"2025-07-03T06:18:11","slug":"un-premio-al-coraggio-di-rallentare","status":"publish","type":"post","link":"https:\/\/www.icmontinicb.edu.it\/site\/evidenza\/un-premio-al-coraggio-di-rallentare\/","title":{"rendered":"Un premio al coraggio&#8230; di rallentare"},"content":{"rendered":"<p style=\"font-weight: 400;\">Il racconto \u201cIl coraggio di dire basta!\u201d ha conquistato il Primo Premio nella sezione Scuola Primaria della III edizione del Premio letterario \u201cSergio Zarrilli \u2013 Raccontiamo\u2026 il coraggio\u201d.<\/p>\n<p style=\"font-weight: 400;\">A scriverlo, con immaginazione e cuore, sono stati i bambini della classe 4\u00aaD dell\u2019Istituto Comprensivo \u201cLeopoldo Montini\u201d di Campobasso.<\/p>\n<p style=\"font-weight: 400;\">Come Michele, il protagonista della loro storia, anche i nostri alunni hanno sentito il bisogno di fermarsi e dire &#8220;basta&#8221; a una vita sempre di corsa. Hanno immaginato un gesto di coraggio semplice ma potente: chiedere alla Sindaca di Campobasso, Marialuisa Forte, di istituire una Giornata della Lentezza, proprio il 20 dicembre, giorno in cui \u00e8 scomparso il dottor Sergio Zarrilli, medico amatissimo e vicino al mondo dell\u2019infanzia.<\/p>\n<p style=\"font-weight: 400;\">Per convincerla, Michele e i suoi amici intonano una \u201cserenata rap\u201d ispirata ai Diritti naturali dei bambini di Gianfranco Zavalloni, che i bambini della 4\u00aaD hanno letto e approfondito nel corso dell\u2019anno scolastico. Una canzone riscritta con entusiasmo, ritmo e sentimento, per raccontare un bisogno che oggi \u00e8 pi\u00f9 forte che mai: quello di recuperare il valore del tempo lento.<\/p>\n<p style=\"font-weight: 400;\">La motivazione della giuria:<\/p>\n<p style=\"font-weight: 400;\"><em>\u00a0&#8220;Espressione genuina di ribellione ai ritmi frenetici a cui sono spesso sottoposti i fanciulli; elaborazione originale che si snoda attraverso l\u2019utilizzo di dati esperienziali e in luoghi di vita con il coinvolgimento diretto di personaggi locali autorevoli. Apprezzabile il corredo iconografico, chiara e lineare la narrazione.&#8221;<\/em><\/p>\n<p><span style=\"font-weight: 400;\">Grazie alla Commissione del Premio per questa preziosa opportunit\u00e0 formativa, che ci ha permesso di onorare la memoria del dottor Zarrilli e di dare voce alle idee dei pi\u00f9 piccoli, oggi pi\u00f9 che mai portatrici di coraggio, sogni e cambiamento.<\/span><\/p>\n<p>&nbsp;<\/p>\n<p><img decoding=\"async\" class=\"alignnone size-medium wp-image-22802\" src=\"https:\/\/icmontinicb.edu.it\/site\/wp-content\/uploads\/2025\/05\/Foto-300x160.jpeg\" alt=\"\" width=\"300\" height=\"160\" srcset=\"https:\/\/www.icmontinicb.edu.it\/site\/wp-content\/uploads\/2025\/05\/Foto-300x160.jpeg 300w, https:\/\/www.icmontinicb.edu.it\/site\/wp-content\/uploads\/2025\/05\/Foto-1024x546.jpeg 1024w, https:\/\/www.icmontinicb.edu.it\/site\/wp-content\/uploads\/2025\/05\/Foto-768x409.jpeg 768w, https:\/\/www.icmontinicb.edu.it\/site\/wp-content\/uploads\/2025\/05\/Foto-1536x819.jpeg 1536w, https:\/\/www.icmontinicb.edu.it\/site\/wp-content\/uploads\/2025\/05\/Foto.jpeg 1600w\" sizes=\"(max-width: 300px) 100vw, 300px\" \/>\u00a0 \u00a0 <img fetchpriority=\"high\" decoding=\"async\" class=\"alignnone size-medium wp-image-22803\" src=\"https:\/\/icmontinicb.edu.it\/site\/wp-content\/uploads\/2025\/05\/targa-300x194.jpeg\" alt=\"\" width=\"300\" height=\"194\" srcset=\"https:\/\/www.icmontinicb.edu.it\/site\/wp-content\/uploads\/2025\/05\/targa-300x194.jpeg 300w, https:\/\/www.icmontinicb.edu.it\/site\/wp-content\/uploads\/2025\/05\/targa-1024x662.jpeg 1024w, https:\/\/www.icmontinicb.edu.it\/site\/wp-content\/uploads\/2025\/05\/targa-768x496.jpeg 768w, https:\/\/www.icmontinicb.edu.it\/site\/wp-content\/uploads\/2025\/05\/targa.jpeg 1386w\" sizes=\"(max-width: 300px) 100vw, 300px\" \/><\/p>\n","protected":false},"excerpt":{"rendered":"<p>Il racconto \u201cIl coraggio di dire basta!\u201d ha conquistato il Primo Premio nella sezione Scuola Primaria della III edizione del Premio letterario \u201cSergio Zarrilli \u2013 Raccontiamo\u2026 il coraggio\u201d. A scriverlo, con immaginazione e cuore, sono stati i bambini della classe 4\u00aaD dell\u2019Istituto Comprensivo \u201cLeopoldo Montini\u201d di Campobasso. Come Michele, il protagonista della loro storia, anche [&hellip;]<\/p>\n","protected":false},"author":410,"featured_media":22802,"comment_status":"closed","ping_status":"closed","sticky":false,"template":"","format":"standard","meta":{"footnotes":""},"categories":[15,16,55,110],"tags":[],"class_list":["post-22801","post","type-post","status-publish","format-standard","has-post-thumbnail","hentry","category-evidenza","category-generali","category-medagliere","category-progetti"],"_links":{"self":[{"href":"https:\/\/www.icmontinicb.edu.it\/site\/wp-json\/wp\/v2\/posts\/22801","targetHints":{"allow":["GET"]}}],"collection":[{"href":"https:\/\/www.icmontinicb.edu.it\/site\/wp-json\/wp\/v2\/posts"}],"about":[{"href":"https:\/\/www.icmontinicb.edu.it\/site\/wp-json\/wp\/v2\/types\/post"}],"author":[{"embeddable":true,"href":"https:\/\/www.icmontinicb.edu.it\/site\/wp-json\/wp\/v2\/users\/410"}],"replies":[{"embeddable":true,"href":"https:\/\/www.icmontinicb.edu.it\/site\/wp-json\/wp\/v2\/comments?post=22801"}],"version-history":[{"count":0,"href":"https:\/\/www.icmontinicb.edu.it\/site\/wp-json\/wp\/v2\/posts\/22801\/revisions"}],"wp:featuredmedia":[{"embeddable":true,"href":"https:\/\/www.icmontinicb.edu.it\/site\/wp-json\/wp\/v2\/media\/22802"}],"wp:attachment":[{"href":"https:\/\/www.icmontinicb.edu.it\/site\/wp-json\/wp\/v2\/media?parent=22801"}],"wp:term":[{"taxonomy":"category","embeddable":true,"href":"https:\/\/www.icmontinicb.edu.it\/site\/wp-json\/wp\/v2\/categories?post=22801"},{"taxonomy":"post_tag","embeddable":true,"href":"https:\/\/www.icmontinicb.edu.it\/site\/wp-json\/wp\/v2\/tags?post=22801"}],"curies":[{"name":"wp","href":"https:\/\/api.w.org\/{rel}","templated":true}]}}