{"id":22353,"date":"2025-01-08T17:58:14","date_gmt":"2025-01-08T16:58:14","guid":{"rendered":"https:\/\/icmontinicb.edu.it\/site\/?p=22353"},"modified":"2025-07-03T08:32:35","modified_gmt":"2025-07-03T06:32:35","slug":"il-progetto-delli-c-montini-unisce-generazioni-con-storie-e-memoria","status":"publish","type":"post","link":"https:\/\/www.icmontinicb.edu.it\/site\/evidenza\/il-progetto-delli-c-montini-unisce-generazioni-con-storie-e-memoria\/","title":{"rendered":"Il progetto dell\u2019I.C. Montini unisce generazioni con storie e memoria"},"content":{"rendered":"<p style=\"font-weight: 400;\">L\u2019Istituto Comprensivo &#8220;Leopoldo Montini&#8221; ha preso parte all\u2019iniziativa nazionale &#8220;IO LEGGO PERCH\u00c9&#8221;, la pi\u00f9 grande campagna italiana dedicata alla lettura, che ha avuto luogo dal 9 al 17 novembre 2024, il cui tema di quest\u2019anno, \u201cIl futuro inizia con un libro\u201d, ha ispirato tre emozionanti incontri\u00a0 presso la libreria Risguardi. Il contest organizzato, &#8220;<strong>I piccoli Tre-Pi della Montini e i tesori dei nonni<\/strong>&#8220;, \u00e8 stato un progetto che ha unito lettura e memoria in un\u2019emozionante avventura intergenerazionale.<\/p>\n<p style=\"font-weight: 400;\">Gli alunni della scuola primaria \u201c<strong>Giovanni Paolo II<\/strong>\u201d hanno letto con entusiasmo &#8220;Il mago Tre-Pi&#8221;, un libro ispirato alla figura di Giuseppe Pitr\u00e8, che celebra la forza delle storie e il potere della tradizione orale. La lettura ha creato un ponte speciale, unendo i bambini ai loro nonni, i veri custodi di un patrimonio culturale che rischiava di andare perduto.<\/p>\n<p style=\"font-weight: 400;\">I nonni, testimoni di un passato ricco di esperienze e memorie, hanno raccontato le loro storie, tra cui una proveniente dal Senegal, narrata in lingua Wolof, che ha reso l&#8217;incontro ancora pi\u00f9 ricco di significato, superando i confini geografici e culturali.<\/p>\n<p style=\"font-weight: 400;\">Il momento magico \u00e8 continuato quando gli alunni, con il cuore e la mente pieni di questi racconti, li hanno trascritti in classe, creando un libretto che raccoglie le voci del passato.<\/p>\n<p style=\"font-weight: 400;\">Questa iniziativa non \u00e8 stata solo un esercizio di lettura, ma un\u2019autentica esperienza di service learning, in cui i bambini hanno trasformato le storie dei nonni in un&#8217;opportunit\u00e0 di apprendimento per l&#8217;intera comunit\u00e0. I racconti saranno infatti condivisi in pi\u00f9 case di riposo, dove altri nonni potranno rivivere le storie raccontate.<\/p>\n<p style=\"font-weight: 400;\">Il tema di quest\u2019anno di Io leggo perch\u00e9 \u2013 &#8220;Il futuro inizia con un libro&#8221; \u2013 ha trovato una sua perfetta realizzazione in questo progetto. I bambini, diventando custodi di tradizioni orali, hanno dato nuova vita a memorie che rischiavano di scomparire. Con il loro impegno, hanno costruito un futuro che affonda le sue radici nel valore delle storie, delle tradizioni e della memoria\u00a0condivisa.<\/p>\n<p>&nbsp;<\/p>\n<p><img fetchpriority=\"high\" decoding=\"async\" class=\"alignnone size-medium wp-image-22354\" src=\"https:\/\/icmontinicb.edu.it\/site\/wp-content\/uploads\/2025\/01\/autrice-171x300.jpg\" alt=\"\" width=\"171\" height=\"300\" srcset=\"https:\/\/www.icmontinicb.edu.it\/site\/wp-content\/uploads\/2025\/01\/autrice-171x300.jpg 171w, https:\/\/www.icmontinicb.edu.it\/site\/wp-content\/uploads\/2025\/01\/autrice-583x1024.jpg 583w, https:\/\/www.icmontinicb.edu.it\/site\/wp-content\/uploads\/2025\/01\/autrice.jpg 738w\" sizes=\"(max-width: 171px) 100vw, 171px\" \/>\u00a0 \u00a0 \u00a0 <img decoding=\"async\" class=\"alignnone size-medium wp-image-22355\" src=\"https:\/\/icmontinicb.edu.it\/site\/wp-content\/uploads\/2025\/01\/contest-10.3-300x224.jpg\" alt=\"\" width=\"300\" height=\"224\" srcset=\"https:\/\/www.icmontinicb.edu.it\/site\/wp-content\/uploads\/2025\/01\/contest-10.3-300x224.jpg 300w, https:\/\/www.icmontinicb.edu.it\/site\/wp-content\/uploads\/2025\/01\/contest-10.3-1024x763.jpg 1024w, https:\/\/www.icmontinicb.edu.it\/site\/wp-content\/uploads\/2025\/01\/contest-10.3-768x572.jpg 768w, https:\/\/www.icmontinicb.edu.it\/site\/wp-content\/uploads\/2025\/01\/contest-10.3.jpg 1079w\" sizes=\"(max-width: 300px) 100vw, 300px\" \/>\u00a0 \u00a0 \u00a0 <img decoding=\"async\" class=\"alignnone size-medium wp-image-22356\" src=\"https:\/\/icmontinicb.edu.it\/site\/wp-content\/uploads\/2025\/01\/contest10.1-300x244.jpg\" alt=\"\" width=\"300\" height=\"244\" srcset=\"https:\/\/www.icmontinicb.edu.it\/site\/wp-content\/uploads\/2025\/01\/contest10.1-300x244.jpg 300w, https:\/\/www.icmontinicb.edu.it\/site\/wp-content\/uploads\/2025\/01\/contest10.1-768x624.jpg 768w, https:\/\/www.icmontinicb.edu.it\/site\/wp-content\/uploads\/2025\/01\/contest10.1.jpg 958w\" sizes=\"(max-width: 300px) 100vw, 300px\" \/> <img loading=\"lazy\" decoding=\"async\" class=\"alignnone size-medium wp-image-22357\" src=\"https:\/\/icmontinicb.edu.it\/site\/wp-content\/uploads\/2025\/01\/contest10.2-300x228.jpg\" alt=\"\" width=\"300\" height=\"228\" srcset=\"https:\/\/www.icmontinicb.edu.it\/site\/wp-content\/uploads\/2025\/01\/contest10.2-300x228.jpg 300w, https:\/\/www.icmontinicb.edu.it\/site\/wp-content\/uploads\/2025\/01\/contest10.2-768x584.jpg 768w, https:\/\/www.icmontinicb.edu.it\/site\/wp-content\/uploads\/2025\/01\/contest10.2.jpg 918w\" sizes=\"(max-width: 300px) 100vw, 300px\" \/>\u00a0 \u00a0 \u00a0 <img loading=\"lazy\" decoding=\"async\" class=\"alignnone size-medium wp-image-22358\" src=\"https:\/\/icmontinicb.edu.it\/site\/wp-content\/uploads\/2025\/01\/locandina-216x300.jpg\" alt=\"\" width=\"216\" height=\"300\" srcset=\"https:\/\/www.icmontinicb.edu.it\/site\/wp-content\/uploads\/2025\/01\/locandina-216x300.jpg 216w, https:\/\/www.icmontinicb.edu.it\/site\/wp-content\/uploads\/2025\/01\/locandina-738x1024.jpg 738w, https:\/\/www.icmontinicb.edu.it\/site\/wp-content\/uploads\/2025\/01\/locandina-768x1066.jpg 768w, https:\/\/www.icmontinicb.edu.it\/site\/wp-content\/uploads\/2025\/01\/locandina.jpg 1107w\" sizes=\"(max-width: 216px) 100vw, 216px\" \/>\u00a0 \u00a0 \u00a0 <img loading=\"lazy\" decoding=\"async\" class=\"alignnone size-medium wp-image-22359\" src=\"https:\/\/icmontinicb.edu.it\/site\/wp-content\/uploads\/2025\/01\/scrittura-storia-203x300.jpg\" alt=\"\" width=\"203\" height=\"300\" srcset=\"https:\/\/www.icmontinicb.edu.it\/site\/wp-content\/uploads\/2025\/01\/scrittura-storia-203x300.jpg 203w, https:\/\/www.icmontinicb.edu.it\/site\/wp-content\/uploads\/2025\/01\/scrittura-storia.jpg 658w\" sizes=\"(max-width: 203px) 100vw, 203px\" \/><\/p>\n","protected":false},"excerpt":{"rendered":"<p>L\u2019Istituto Comprensivo &#8220;Leopoldo Montini&#8221; ha preso parte all\u2019iniziativa nazionale &#8220;IO LEGGO PERCH\u00c9&#8221;, la pi\u00f9 grande campagna italiana dedicata alla lettura, che ha avuto luogo dal 9 al 17 novembre 2024, il cui tema di quest\u2019anno, \u201cIl futuro inizia con un libro\u201d, ha ispirato tre emozionanti incontri\u00a0 presso la libreria Risguardi. Il contest organizzato, &#8220;I piccoli [&hellip;]<\/p>\n","protected":false},"author":410,"featured_media":22356,"comment_status":"closed","ping_status":"closed","sticky":false,"template":"","format":"standard","meta":{"footnotes":""},"categories":[15,16,110],"tags":[],"class_list":["post-22353","post","type-post","status-publish","format-standard","has-post-thumbnail","hentry","category-evidenza","category-generali","category-progetti"],"_links":{"self":[{"href":"https:\/\/www.icmontinicb.edu.it\/site\/wp-json\/wp\/v2\/posts\/22353","targetHints":{"allow":["GET"]}}],"collection":[{"href":"https:\/\/www.icmontinicb.edu.it\/site\/wp-json\/wp\/v2\/posts"}],"about":[{"href":"https:\/\/www.icmontinicb.edu.it\/site\/wp-json\/wp\/v2\/types\/post"}],"author":[{"embeddable":true,"href":"https:\/\/www.icmontinicb.edu.it\/site\/wp-json\/wp\/v2\/users\/410"}],"replies":[{"embeddable":true,"href":"https:\/\/www.icmontinicb.edu.it\/site\/wp-json\/wp\/v2\/comments?post=22353"}],"version-history":[{"count":0,"href":"https:\/\/www.icmontinicb.edu.it\/site\/wp-json\/wp\/v2\/posts\/22353\/revisions"}],"wp:featuredmedia":[{"embeddable":true,"href":"https:\/\/www.icmontinicb.edu.it\/site\/wp-json\/wp\/v2\/media\/22356"}],"wp:attachment":[{"href":"https:\/\/www.icmontinicb.edu.it\/site\/wp-json\/wp\/v2\/media?parent=22353"}],"wp:term":[{"taxonomy":"category","embeddable":true,"href":"https:\/\/www.icmontinicb.edu.it\/site\/wp-json\/wp\/v2\/categories?post=22353"},{"taxonomy":"post_tag","embeddable":true,"href":"https:\/\/www.icmontinicb.edu.it\/site\/wp-json\/wp\/v2\/tags?post=22353"}],"curies":[{"name":"wp","href":"https:\/\/api.w.org\/{rel}","templated":true}]}}