{"id":21966,"date":"2024-12-03T16:11:20","date_gmt":"2024-12-03T15:11:20","guid":{"rendered":"https:\/\/icmontinicb.edu.it\/site\/?p=21966"},"modified":"2025-07-03T08:33:34","modified_gmt":"2025-07-03T06:33:34","slug":"la-montini-celebra-ogni-giorno-il-3-dicembre-giornata-internazionale-delle-persone-con-disabilita","status":"publish","type":"post","link":"https:\/\/www.icmontinicb.edu.it\/site\/evidenza\/la-montini-celebra-ogni-giorno-il-3-dicembre-giornata-internazionale-delle-persone-con-disabilita\/","title":{"rendered":"La Montini celebra, ogni giorno, il 3 dicembre \u201cGiornata internazionale delle persone con disabilit\u00e0\u201d"},"content":{"rendered":"<p style=\"font-weight: 400;\">Il 3 dicembre di ogni anno si celebra la \u201cGiornata internazionale delle persone con disabilit\u00e0\u201d, istituita dall\u2019ONU nel 1992. Le Nazioni Unite hanno ribadito il principio di uguaglianza e la necessit\u00e0 di garantire, ad ogni persona, la piena ed effettiva partecipazione alla sfera politica, sociale, economica e culturale della societ\u00e0 ed eliminare tutti quegli ostacoli che limitano il rispetto di questi diritti imprescindibili.<\/p>\n<p style=\"font-weight: 400;\">Anche l\u2019Agenda 2030 per lo sviluppo sostenibile si fonda sul principio che nessuno sia lasciato indietro, eliminando le disparit\u00e0 e favorendo l\u2019inclusione. \u201cL\u2019inclusione non \u00e8 un atto di generosit\u00e0, ma il riconoscimento che ogni persona \u00e8 una risorsa unica per la comunit\u00e0\u201d ha detto Andrea Canevaro.<\/p>\n<p style=\"font-weight: 400;\">Il nostro Istituto, da sempre attento alle tematiche dell\u2019inclusione e della disabilit\u00e0, ne promuove i valori e individua come impegno primario e quotidiano il superamento delle barriere fisiche, cognitive e culturali. L\u2019obiettivo della nostra scuola \u00e8 quello di valorizzare la diversit\u00e0 come vera e propria ricchezza di inestimabile valore, perch\u00e9 la gentilezza, il rispetto e l\u2019inclusione non sono solo valori, ma scelte di vita.<\/p>\n<p style=\"font-weight: 400;\">Essere sensibili al tema non si esaurisce nel celebrare una giornata, ma adottare quotidianamente pratiche e atteggiamenti che favoriscano la partecipazione di ogni alunna e di ogni alunno alla vita scolastica. Ogni giorno garantiamo ambienti accessibili e accoglienti per tutti, promuoviamo attivit\u00e0 didattiche inclusive che valorizzino le abilit\u00e0 e le potenzialit\u00e0 di ciascuno. L\u2019istituto Montini celebra il 3 dicembre ogni giorno, ne \u00e8 testimonianza il video allegato che riporta solo una parte delle innumerevoli attivit\u00e0 atte a valorizzare la diversit\u00e0 e promuovere l\u2019inclusione.<\/p>\n<p style=\"font-weight: 400;\">L\u2019inclusione per la nostra scuola non \u00e8 un concetto astratto ma un gesto concreto, una mano tesa verso l\u2019altro, un impegno quotidiano. Insieme si costruisce qualcosa di pi\u00f9 grande, ogni voce \u00e8 importante e solo abbracciando le diversit\u00e0 si cresce davvero come comunit\u00e0.<\/p>\n<p>&nbsp;<\/p>\n<div style=\"width: 800px;\" class=\"wp-video\"><video class=\"wp-video-shortcode\" id=\"video-21966-1\" width=\"800\" height=\"1422\" preload=\"metadata\" controls=\"controls\"><source type=\"video\/mp4\" src=\"https:\/\/icmontinicb.edu.it\/site\/wp-content\/uploads\/2024\/12\/video-3-dicembre-1.mp4?_=1\" \/><a href=\"https:\/\/icmontinicb.edu.it\/site\/wp-content\/uploads\/2024\/12\/video-3-dicembre-1.mp4\">https:\/\/icmontinicb.edu.it\/site\/wp-content\/uploads\/2024\/12\/video-3-dicembre-1.mp4<\/a><\/video><\/div>\n","protected":false},"excerpt":{"rendered":"<p>Il 3 dicembre di ogni anno si celebra la \u201cGiornata internazionale delle persone con disabilit\u00e0\u201d, istituita dall\u2019ONU nel 1992. Le Nazioni Unite hanno ribadito il principio di uguaglianza e la necessit\u00e0 di garantire, ad ogni persona, la piena ed effettiva partecipazione alla sfera politica, sociale, economica e culturale della societ\u00e0 ed eliminare tutti quegli ostacoli [&hellip;]<\/p>\n","protected":false},"author":410,"featured_media":21972,"comment_status":"closed","ping_status":"closed","sticky":false,"template":"","format":"standard","meta":{"footnotes":""},"categories":[15,16,110],"tags":[],"class_list":["post-21966","post","type-post","status-publish","format-standard","has-post-thumbnail","hentry","category-evidenza","category-generali","category-progetti"],"_links":{"self":[{"href":"https:\/\/www.icmontinicb.edu.it\/site\/wp-json\/wp\/v2\/posts\/21966","targetHints":{"allow":["GET"]}}],"collection":[{"href":"https:\/\/www.icmontinicb.edu.it\/site\/wp-json\/wp\/v2\/posts"}],"about":[{"href":"https:\/\/www.icmontinicb.edu.it\/site\/wp-json\/wp\/v2\/types\/post"}],"author":[{"embeddable":true,"href":"https:\/\/www.icmontinicb.edu.it\/site\/wp-json\/wp\/v2\/users\/410"}],"replies":[{"embeddable":true,"href":"https:\/\/www.icmontinicb.edu.it\/site\/wp-json\/wp\/v2\/comments?post=21966"}],"version-history":[{"count":0,"href":"https:\/\/www.icmontinicb.edu.it\/site\/wp-json\/wp\/v2\/posts\/21966\/revisions"}],"wp:featuredmedia":[{"embeddable":true,"href":"https:\/\/www.icmontinicb.edu.it\/site\/wp-json\/wp\/v2\/media\/21972"}],"wp:attachment":[{"href":"https:\/\/www.icmontinicb.edu.it\/site\/wp-json\/wp\/v2\/media?parent=21966"}],"wp:term":[{"taxonomy":"category","embeddable":true,"href":"https:\/\/www.icmontinicb.edu.it\/site\/wp-json\/wp\/v2\/categories?post=21966"},{"taxonomy":"post_tag","embeddable":true,"href":"https:\/\/www.icmontinicb.edu.it\/site\/wp-json\/wp\/v2\/tags?post=21966"}],"curies":[{"name":"wp","href":"https:\/\/api.w.org\/{rel}","templated":true}]}}